{"id":333,"date":"2017-05-19T12:08:38","date_gmt":"2017-05-19T10:08:38","guid":{"rendered":"http:\/\/www.sense-emotion.de\/?p=333"},"modified":"2017-05-19T12:08:38","modified_gmt":"2017-05-19T10:08:38","slug":"das-projekt-jahresmeeting-2017","status":"publish","type":"post","link":"https:\/\/www.sense-emotion.de\/?p=333","title":{"rendered":"Das Projekt-Jahresmeeting 2017"},"content":{"rendered":"<h2 class=\"documentFirstHeading \"><\/h2>\n<h2 class=\"documentFirstHeading \">Jahresmeeting in Ulm<\/h2>\n<p>Das diesj\u00e4hrige Jahresmeeting des SenseEmotion Projekts fand am 18. Mai 2017 erneut im Institut f\u00fcr Medieninformatik der Universit\u00e4t Ulm statt. Anwesend waren alle Projektpartner, sowie ein Stellvertreter des Bundesministeriums f\u00fcr Bildung und Forschung.<br \/>\nAuch dieses Mal konnten alle Teilziele der jeweiligen Projektpartner erreicht werden. Mit einer zuversichtlichen Weiterplanung wurde das Meeting erfolgreich abgeschlossen.<\/p>\n<p><a href=\"http:\/\/www.sense-emotion.de\/wp-content\/uploads\/2017\/05\/se17.jpg\"><img loading=\"lazy\" decoding=\"async\" src=\"http:\/\/www.sense-emotion.de\/wp-content\/uploads\/2017\/05\/se17-1024x683.jpg\" alt=\"\" width=\"640\" height=\"427\" class=\"alignnone size-large wp-image-334\" srcset=\"https:\/\/www.sense-emotion.de\/wp-content\/uploads\/2017\/05\/se17-1024x683.jpg 1024w, https:\/\/www.sense-emotion.de\/wp-content\/uploads\/2017\/05\/se17-300x200.jpg 300w, https:\/\/www.sense-emotion.de\/wp-content\/uploads\/2017\/05\/se17-768x512.jpg 768w\" sizes=\"auto, (max-width: 640px) 100vw, 640px\" \/><\/a><\/p>\n","protected":false},"excerpt":{"rendered":"<p>Jahresmeeting in Ulm Das diesj\u00e4hrige Jahresmeeting des SenseEmotion Projekts fand am 18. Mai 2017 erneut im Institut f\u00fcr Medieninformatik der Universit\u00e4t Ulm statt. Anwesend waren alle Projektpartner, sowie ein Stellvertreter des Bundesministeriums f\u00fcr Bildung und Forschung. Auch dieses Mal konnten alle Teilziele der jeweiligen Projektpartner erreicht werden. Mit einer zuversichtlichen Weiterplanung wurde das Meeting erfolgreich&#8230;<\/p>\n","protected":false},"author":4,"featured_media":0,"comment_status":"closed","ping_status":"closed","sticky":false,"template":"","format":"standard","meta":{"footnotes":""},"categories":[3],"tags":[],"class_list":["post-333","post","type-post","status-publish","format-standard","hentry","category-news"],"_links":{"self":[{"href":"https:\/\/www.sense-emotion.de\/index.php?rest_route=\/wp\/v2\/posts\/333","targetHints":{"allow":["GET"]}}],"collection":[{"href":"https:\/\/www.sense-emotion.de\/index.php?rest_route=\/wp\/v2\/posts"}],"about":[{"href":"https:\/\/www.sense-emotion.de\/index.php?rest_route=\/wp\/v2\/types\/post"}],"author":[{"embeddable":true,"href":"https:\/\/www.sense-emotion.de\/index.php?rest_route=\/wp\/v2\/users\/4"}],"replies":[{"embeddable":true,"href":"https:\/\/www.sense-emotion.de\/index.php?rest_route=%2Fwp%2Fv2%2Fcomments&post=333"}],"version-history":[{"count":3,"href":"https:\/\/www.sense-emotion.de\/index.php?rest_route=\/wp\/v2\/posts\/333\/revisions"}],"predecessor-version":[{"id":337,"href":"https:\/\/www.sense-emotion.de\/index.php?rest_route=\/wp\/v2\/posts\/333\/revisions\/337"}],"wp:attachment":[{"href":"https:\/\/www.sense-emotion.de\/index.php?rest_route=%2Fwp%2Fv2%2Fmedia&parent=333"}],"wp:term":[{"taxonomy":"category","embeddable":true,"href":"https:\/\/www.sense-emotion.de\/index.php?rest_route=%2Fwp%2Fv2%2Fcategories&post=333"},{"taxonomy":"post_tag","embeddable":true,"href":"https:\/\/www.sense-emotion.de\/index.php?rest_route=%2Fwp%2Fv2%2Ftags&post=333"}],"curies":[{"name":"wp","href":"https:\/\/api.w.org\/{rel}","templated":true}]}}