{"id":322,"date":"2017-02-07T12:56:02","date_gmt":"2017-02-07T11:56:02","guid":{"rendered":"http:\/\/www.sense-emotion.de\/?p=322"},"modified":"2017-02-07T12:56:02","modified_gmt":"2017-02-07T11:56:02","slug":"pain-face-day","status":"publish","type":"post","link":"https:\/\/www.sense-emotion.de\/?p=322","title":{"rendered":"Pain Face Day"},"content":{"rendered":"<div><a href=\"http:\/\/www.sense-emotion.de\/wp-content\/uploads\/2017\/02\/3.jpg\"><img decoding=\"async\" class=\"size-large wp-image-323 aligncenter\" src=\"http:\/\/www.sense-emotion.de\/wp-content\/uploads\/2017\/02\/3-1024x270.jpg\" alt=\"\" width=\"100%\" height=\"169\" srcset=\"https:\/\/www.sense-emotion.de\/wp-content\/uploads\/2017\/02\/3-1024x270.jpg 1024w, https:\/\/www.sense-emotion.de\/wp-content\/uploads\/2017\/02\/3-300x79.jpg 300w, https:\/\/www.sense-emotion.de\/wp-content\/uploads\/2017\/02\/3-768x203.jpg 768w\" sizes=\"(max-width: 1024px) 100vw, 1024px\" \/><\/a><\/div>\n<div><\/div>\n<div>Am 30. Januar fand der \u201ePain Face Day 2017 \u2013 Challenges of Automatic Pain Recognition\u201c in Erlangen statt.<\/div>\n<div>Mit dabei waren Vertreter und Partner des SenseEmotion Projekts, unter anderem mit den Vortr\u00e4gen von Prof. Dr. H. Neumann, Universit\u00e4t Ulm und Prof. Dr. H. Traue sowie Dr. Steffen Walter, Universit\u00e4tsklinikum Ulm.<\/div>\n<div><\/div>\n","protected":false},"excerpt":{"rendered":"<p>Am 30. Januar fand der \u201ePain Face Day 2017 \u2013 Challenges of Automatic Pain Recognition\u201c in Erlangen statt. Mit dabei waren Vertreter und Partner des SenseEmotion Projekts, unter anderem mit den Vortr\u00e4gen von Prof. Dr. H. Neumann, Universit\u00e4t Ulm und Prof. Dr. H. Traue sowie Dr. Steffen Walter, Universit\u00e4tsklinikum Ulm.<\/p>\n","protected":false},"author":4,"featured_media":0,"comment_status":"closed","ping_status":"closed","sticky":false,"template":"","format":"standard","meta":{"footnotes":""},"categories":[3],"tags":[],"class_list":["post-322","post","type-post","status-publish","format-standard","hentry","category-news"],"_links":{"self":[{"href":"https:\/\/www.sense-emotion.de\/index.php?rest_route=\/wp\/v2\/posts\/322","targetHints":{"allow":["GET"]}}],"collection":[{"href":"https:\/\/www.sense-emotion.de\/index.php?rest_route=\/wp\/v2\/posts"}],"about":[{"href":"https:\/\/www.sense-emotion.de\/index.php?rest_route=\/wp\/v2\/types\/post"}],"author":[{"embeddable":true,"href":"https:\/\/www.sense-emotion.de\/index.php?rest_route=\/wp\/v2\/users\/4"}],"replies":[{"embeddable":true,"href":"https:\/\/www.sense-emotion.de\/index.php?rest_route=%2Fwp%2Fv2%2Fcomments&post=322"}],"version-history":[{"count":3,"href":"https:\/\/www.sense-emotion.de\/index.php?rest_route=\/wp\/v2\/posts\/322\/revisions"}],"predecessor-version":[{"id":326,"href":"https:\/\/www.sense-emotion.de\/index.php?rest_route=\/wp\/v2\/posts\/322\/revisions\/326"}],"wp:attachment":[{"href":"https:\/\/www.sense-emotion.de\/index.php?rest_route=%2Fwp%2Fv2%2Fmedia&parent=322"}],"wp:term":[{"taxonomy":"category","embeddable":true,"href":"https:\/\/www.sense-emotion.de\/index.php?rest_route=%2Fwp%2Fv2%2Fcategories&post=322"},{"taxonomy":"post_tag","embeddable":true,"href":"https:\/\/www.sense-emotion.de\/index.php?rest_route=%2Fwp%2Fv2%2Ftags&post=322"}],"curies":[{"name":"wp","href":"https:\/\/api.w.org\/{rel}","templated":true}]}}