{"id":150,"date":"2015-07-02T16:34:23","date_gmt":"2015-07-02T14:34:23","guid":{"rendered":"http:\/\/sense-emotion.de\/?p=150"},"modified":"2016-09-05T16:27:13","modified_gmt":"2016-09-05T14:27:13","slug":"senseemotion-auf-dem-statusmeeting-des-bmbf","status":"publish","type":"post","link":"https:\/\/www.sense-emotion.de\/?p=150","title":{"rendered":"SenseEmotion auf dem Statusmeeting des BMBF"},"content":{"rendered":"<p>&nbsp;<\/p>\n<h2 class=\"documentFirstHeading \">Vorstellung des Projektes auf dem \u00f6ffentlichen Statusmeeting des BMBF<\/h2>\n<p>Auf dem BMBF-Zukunftskongress am 30.06.2015 fand ein \u00f6ffentliches Statusmeeting der im Rahmen der BMBF-Bekanntmachung &#8222;Sozial- und emotionssensitive Systeme&#8220; ausgew\u00e4hlten Projekten zum gegenseitigen Kennenlernen und Austauschen statt. Dort wurden\u00a0die gef\u00f6rderten Projekte zu den Themen Sozial- und emotionssensitive Systeme zur Alltagsunterst\u00fctzung, f\u00fcr Arbeitsumgebungen und f\u00fcr Trainingsumgebungen und klinische Anwendungen sowie zu Brain Computer Interfaces in kurzen Vortr\u00e4gen vorgestellt. Das Projekt SenseEmotion und die Projektpartner wurde von dem Projektleiter Dr. Jonghwa Kim pr\u00e4sentiert.\u00a0Im Anschluss an alle Projektvorstellungen fand eine abschlie\u00dfende Diskussion \u00fcber aktuelle Themen z.B. Datensatzaustausch zwischen den Projekten statt.<\/p>\n<hr \/>\n<p>&nbsp;<\/p>\n<div id='gallery-1' class='gallery galleryid-150 gallery-columns-3 gallery-size-large'><figure class='gallery-item'>\n\t\t\t<div class='gallery-icon landscape'>\n\t\t\t\t<img loading=\"lazy\" decoding=\"async\" width=\"640\" height=\"426\" src=\"https:\/\/www.sense-emotion.de\/wp-content\/uploads\/2015\/08\/Zukunftskongress5-1024x682.jpg\" class=\"attachment-large size-large\" alt=\"\" srcset=\"https:\/\/www.sense-emotion.de\/wp-content\/uploads\/2015\/08\/Zukunftskongress5-1024x682.jpg 1024w, https:\/\/www.sense-emotion.de\/wp-content\/uploads\/2015\/08\/Zukunftskongress5-300x200.jpg 300w, https:\/\/www.sense-emotion.de\/wp-content\/uploads\/2015\/08\/Zukunftskongress5-380x252.jpg 380w, https:\/\/www.sense-emotion.de\/wp-content\/uploads\/2015\/08\/Zukunftskongress5.jpg 1796w\" sizes=\"auto, (max-width: 640px) 100vw, 640px\" \/>\n\t\t\t<\/div><\/figure><figure class='gallery-item'>\n\t\t\t<div class='gallery-icon landscape'>\n\t\t\t\t<img loading=\"lazy\" decoding=\"async\" width=\"640\" height=\"427\" src=\"https:\/\/www.sense-emotion.de\/wp-content\/uploads\/2015\/08\/Zukunftskongress2-1024x683.jpg\" class=\"attachment-large size-large\" alt=\"\" srcset=\"https:\/\/www.sense-emotion.de\/wp-content\/uploads\/2015\/08\/Zukunftskongress2-1024x683.jpg 1024w, https:\/\/www.sense-emotion.de\/wp-content\/uploads\/2015\/08\/Zukunftskongress2-300x200.jpg 300w, https:\/\/www.sense-emotion.de\/wp-content\/uploads\/2015\/08\/Zukunftskongress2.jpg 1800w\" sizes=\"auto, (max-width: 640px) 100vw, 640px\" \/>\n\t\t\t<\/div><\/figure><figure class='gallery-item'>\n\t\t\t<div class='gallery-icon landscape'>\n\t\t\t\t<img loading=\"lazy\" decoding=\"async\" width=\"640\" height=\"427\" src=\"https:\/\/www.sense-emotion.de\/wp-content\/uploads\/2015\/08\/Zukunftskongress3-1024x683.jpg\" class=\"attachment-large size-large\" alt=\"\" srcset=\"https:\/\/www.sense-emotion.de\/wp-content\/uploads\/2015\/08\/Zukunftskongress3-1024x683.jpg 1024w, https:\/\/www.sense-emotion.de\/wp-content\/uploads\/2015\/08\/Zukunftskongress3-300x200.jpg 300w, https:\/\/www.sense-emotion.de\/wp-content\/uploads\/2015\/08\/Zukunftskongress3.jpg 1796w\" sizes=\"auto, (max-width: 640px) 100vw, 640px\" \/>\n\t\t\t<\/div><\/figure>\n\t\t<\/div>\n\n","protected":false},"excerpt":{"rendered":"<p>&nbsp; Vorstellung des Projektes auf dem \u00f6ffentlichen Statusmeeting des BMBF Auf dem BMBF-Zukunftskongress am 30.06.2015 fand ein \u00f6ffentliches Statusmeeting der im Rahmen der BMBF-Bekanntmachung &#8222;Sozial- und emotionssensitive Systeme&#8220; ausgew\u00e4hlten Projekten zum gegenseitigen Kennenlernen und Austauschen statt. Dort wurden\u00a0die gef\u00f6rderten Projekte zu den Themen Sozial- und emotionssensitive Systeme zur Alltagsunterst\u00fctzung, f\u00fcr Arbeitsumgebungen und f\u00fcr Trainingsumgebungen und&#8230;<\/p>\n","protected":false},"author":3,"featured_media":0,"comment_status":"closed","ping_status":"closed","sticky":false,"template":"","format":"standard","meta":{"footnotes":""},"categories":[3],"tags":[],"class_list":["post-150","post","type-post","status-publish","format-standard","hentry","category-news"],"_links":{"self":[{"href":"https:\/\/www.sense-emotion.de\/index.php?rest_route=\/wp\/v2\/posts\/150","targetHints":{"allow":["GET"]}}],"collection":[{"href":"https:\/\/www.sense-emotion.de\/index.php?rest_route=\/wp\/v2\/posts"}],"about":[{"href":"https:\/\/www.sense-emotion.de\/index.php?rest_route=\/wp\/v2\/types\/post"}],"author":[{"embeddable":true,"href":"https:\/\/www.sense-emotion.de\/index.php?rest_route=\/wp\/v2\/users\/3"}],"replies":[{"embeddable":true,"href":"https:\/\/www.sense-emotion.de\/index.php?rest_route=%2Fwp%2Fv2%2Fcomments&post=150"}],"version-history":[{"count":10,"href":"https:\/\/www.sense-emotion.de\/index.php?rest_route=\/wp\/v2\/posts\/150\/revisions"}],"predecessor-version":[{"id":273,"href":"https:\/\/www.sense-emotion.de\/index.php?rest_route=\/wp\/v2\/posts\/150\/revisions\/273"}],"wp:attachment":[{"href":"https:\/\/www.sense-emotion.de\/index.php?rest_route=%2Fwp%2Fv2%2Fmedia&parent=150"}],"wp:term":[{"taxonomy":"category","embeddable":true,"href":"https:\/\/www.sense-emotion.de\/index.php?rest_route=%2Fwp%2Fv2%2Fcategories&post=150"},{"taxonomy":"post_tag","embeddable":true,"href":"https:\/\/www.sense-emotion.de\/index.php?rest_route=%2Fwp%2Fv2%2Ftags&post=150"}],"curies":[{"name":"wp","href":"https:\/\/api.w.org\/{rel}","templated":true}]}}